{"id":211,"date":"2017-10-03T21:27:54","date_gmt":"2017-10-03T19:27:54","guid":{"rendered":"http:\/\/www.dieschiefetournachpisa.de\/?p=211"},"modified":"2017-10-03T21:46:23","modified_gmt":"2017-10-03T19:46:23","slug":"das-vorhaben","status":"publish","type":"post","link":"http:\/\/www.dieschiefetournachpisa.de\/?p=211","title":{"rendered":"Das Vorhaben"},"content":{"rendered":"<p>Nach den ersten beiden Reiseberichten mal ein paar Erl\u00e4uterungen \u00fcber das \u201eWas\u201c und \u201eWieso\u201c.<br \/>\nJe mehr ich dar\u00fcber nachdachte desto besser gefiel mir die Idee, eine solche \u201egest\u00fcckelte\u201c Wanderung zu machen.<br \/>\nMachen wir mal einen \u201eVergeichstest\u201c:<\/p>\n<table>\n<tr>\n<td width=100>  <\/td>\n<td>Eine lange Wanderung<\/td>\n<td>Viele k\u00fcrzere Wanderungen<\/td>\n<\/tr>\n<tr>\n<td>Dauer<\/td>\n<td>Einige Wochen oder Monate innerhalb eines Jahres<\/td>\n<td>Einige Wochen oder Monate \u00fcber mehrere Jahre verteilt<\/td>\n<\/tr>\n<tr>\n<td> <\/td>\n<td>0<\/td>\n<td>0<\/td>\n<\/tr>\n<tr>\n<td>Planung<\/td>\n<td>Einmal ausf\u00fchrlich, lange Vorbereitungszeit, oder nicht so detailliert<\/td>\n<td>Kleinere St\u00fccke mit jeweils einigen Monaten Vorlauf, daher mit noch mehr Details m\u00f6glich<\/td>\n<\/tr>\n<tr>\n<td> <\/td>\n<td>&#8211;<\/td>\n<td>++<\/td>\n<\/tr>\n<tr>\n<td>Vorfreude<\/td>\n<td>1x einige Monate<\/td>\n<td>W\u00e4hrend jeder Unterbrechung, also in Summe mehrere Jahre<\/td>\n<\/tr>\n<tr>\n<td> <\/td>\n<td>+<\/td>\n<td>+++<\/td>\n<\/tr>\n<tr>\n<td>Kosten<\/td>\n<td>\u00dcbernachtungen* dort, wo man so ankommt + R\u00fcckreise<\/td>\n<td>Mehrfache Hin- und R\u00fcckreisen, \u00dcbernachtungsm\u00f6glichkeiten k\u00f6nnen kostenoptimiert ausgew\u00e4hlt werden*<\/td>\n<\/tr>\n<tr>\n<td> <\/td>\n<td>++<\/td>\n<td>&#8211;<\/td>\n<\/tr>\n<tr>\n<td>zur\u00fcck-<br \/>gelegte km<\/td>\n<td>Hinweg + R\u00fcckweg<\/td>\n<td>Hinweg + (Anreise+Abreise) x Unterbrechungen<\/td>\n<\/tr>\n<tr>\n<td> <\/td>\n<td>+<\/td>\n<td>+++<\/td>\n<\/tr>\n<tr>\n<td>GESAMT<\/td>\n<td>+<\/td>\n<td>++<\/td>\n<\/tr>\n<\/table>\n<p><b>* Wo wohne ich?<\/b><br \/>\nJa das ist halt so die Frage. Wo \u00fcbernachtet man. Im Zelt und das Equipment mitschleppen oder lieber in einem weichen Bett mit Dusche und evtl. Fr\u00fchst\u00fcck? Ich habe mich vorl\u00e4ufig f\u00fcr zweites entschieden. Es muss ja nicht immer ein Hotel sein. Ein Sofa per Airbnb gemietet reicht ja auch. Oder eine Jugendherberge. Oder jemand den man kennt wohnt in der N\u00e4he. Zu Beginn geht ja zur Not auch das eigene Bett.<\/p>\n<p><b>Was will ich sehen?<\/b><br \/>\nIhr fragt Euch bestimmt wonach ich meine Routen plane.<br \/>\nPers\u00f6nlich habe ich ein gro\u00dfes Interesse an Eisenbahn. Das hei\u00dft, ich werde teilweise entlang von Bahnstrecken oder stillgelegten Bahnstrecken wandern. Viele ehemalige Bahntrassen wurden zu Radwanderwegen ausgebaut. Hier l\u00e4sst es sich nat\u00fcrlich auch entspannt wandern.<br \/>\nIch werde versuchen hier auch historische Aufnahmen zu finden, um zu sehen wie sich die entsprechenden Strecken ver\u00e4ndert haben.<br \/>\nWeiterhin sind nat\u00fcrlich Berge, T\u00e4ler, Fl\u00fcsse und W\u00e4lder interessant. Ab liebsten nat\u00fcrlich in Kombination.<\/p>\n<p><b>Wie lange brauche ich?<\/b><br \/>\nSo richtig wei\u00df ich das auch noch nicht. Google sagt f\u00fcr den direkten Fu\u00dfweg 1343 km. Erste Erfahrungen bei der Vorplanung der ersten Etappen sagen mir, dass ich etwa doppelt so viele km laufe wie der direkte Weg w\u00e4re. (Ich will ja auch rechts und links der Strecke was sehen und nicht entlang von Hauptverkehrsstra\u00dfen wandern.) Das sind dann 2686 km. Auf bisherigen Wanderungen war ich mit ca. 3 km\/h im Durchschnitt unterwegs (incl. Pausen, Fotos machen, Geocaching, Navigieren). Das macht dann 895h oder 37 Tage. Ein Monat durchwandern. W\u00e4re ja mal was. F\u00fcr Blasenpflasterhersteller und RedBull vielleicht.<br \/>\nPro Tag setze ich mal 22km als Mittelwert an. Das sind dann schon 122 Tage und 122 Etappen. Finde ich 8 Tage im Jahr zum Wandern (Priorit\u00e4t hat immer noch die Familie!) sind das mehr als 15 Jahre. Also 2032 bin ich dann in Pisa. Ich wei\u00df, das ist ein sehr langfristiger Plan, aber schon mal ein Plan!<\/p>\n<p><b>Ich?<\/b><br \/>\nIch rede hier immer von \u201eich\u201c. Klar, ich bin ja auch \u201eich\u201c. Das hei\u00dft ja nicht dass ich alle Etappen alleine laufen muss. In ein paar Jahren sind meine Kinder gro\u00df genug vielleicht auch mitzulaufen. Meine Frau, Freunde oder gar Fremde. Ich laufe gerne alleine, aber auch gerne in Gesellschaft!<\/p>\n<p>Sind hiermit die wichtigsten Fragen beantwortet? Nein? Schreibt mir!<\/p>\n","protected":false},"excerpt":{"rendered":"<p>Nach den ersten beiden Reiseberichten mal ein paar Erl\u00e4uterungen \u00fcber das \u201eWas\u201c und \u201eWieso\u201c. Je mehr ich dar\u00fcber nachdachte desto besser gefiel mir die Idee, eine solche \u201egest\u00fcckelte\u201c Wanderung zu machen. Machen wir mal einen \u201eVergeichstest\u201c: Eine lange Wanderung Viele k\u00fcrzere Wanderungen Dauer Einige Wochen oder Monate innerhalb eines Jahres Einige Wochen oder Monate \u00fcber [&hellip;]<\/p>\n","protected":false},"author":1,"featured_media":161,"comment_status":"open","ping_status":"open","sticky":false,"template":"","format":"standard","meta":{"ngg_post_thumbnail":0,"footnotes":""},"categories":[2],"tags":[14,12,11,13],"class_list":["post-211","post","type-post","status-publish","format-standard","has-post-thumbnail","hentry","category-infos","tag-pisa","tag-tour","tag-vorhaben","tag-wanderung"],"aioseo_notices":[],"_links":{"self":[{"href":"http:\/\/www.dieschiefetournachpisa.de\/index.php?rest_route=\/wp\/v2\/posts\/211","targetHints":{"allow":["GET"]}}],"collection":[{"href":"http:\/\/www.dieschiefetournachpisa.de\/index.php?rest_route=\/wp\/v2\/posts"}],"about":[{"href":"http:\/\/www.dieschiefetournachpisa.de\/index.php?rest_route=\/wp\/v2\/types\/post"}],"author":[{"embeddable":true,"href":"http:\/\/www.dieschiefetournachpisa.de\/index.php?rest_route=\/wp\/v2\/users\/1"}],"replies":[{"embeddable":true,"href":"http:\/\/www.dieschiefetournachpisa.de\/index.php?rest_route=%2Fwp%2Fv2%2Fcomments&post=211"}],"version-history":[{"count":11,"href":"http:\/\/www.dieschiefetournachpisa.de\/index.php?rest_route=\/wp\/v2\/posts\/211\/revisions"}],"predecessor-version":[{"id":222,"href":"http:\/\/www.dieschiefetournachpisa.de\/index.php?rest_route=\/wp\/v2\/posts\/211\/revisions\/222"}],"wp:featuredmedia":[{"embeddable":true,"href":"http:\/\/www.dieschiefetournachpisa.de\/index.php?rest_route=\/wp\/v2\/media\/161"}],"wp:attachment":[{"href":"http:\/\/www.dieschiefetournachpisa.de\/index.php?rest_route=%2Fwp%2Fv2%2Fmedia&parent=211"}],"wp:term":[{"taxonomy":"category","embeddable":true,"href":"http:\/\/www.dieschiefetournachpisa.de\/index.php?rest_route=%2Fwp%2Fv2%2Fcategories&post=211"},{"taxonomy":"post_tag","embeddable":true,"href":"http:\/\/www.dieschiefetournachpisa.de\/index.php?rest_route=%2Fwp%2Fv2%2Ftags&post=211"}],"curies":[{"name":"wp","href":"https:\/\/api.w.org\/{rel}","templated":true}]}}